{"id":108559,"date":"2023-07-13T09:30:00","date_gmt":"2023-07-13T13:30:00","guid":{"rendered":"https:\/\/physiotherapy.ca\/?post_type=news&#038;p=108559"},"modified":"2023-07-13T13:50:54","modified_gmt":"2023-07-13T17:50:54","slug":"le-ministre-de-la-sante-m-jean-yves-duclos-soutient-les-professionnels-de-la-physiotherapie-au-congres-2023-de-lassociation-canadienne-de-physiotherapie","status":"publish","type":"news","link":"https:\/\/physiotherapy.ca\/fr\/news\/le-ministre-de-la-sante-m-jean-yves-duclos-soutient-les-professionnels-de-la-physiotherapie-au-congres-2023-de-lassociation-canadienne-de-physiotherapie\/","title":{"rendered":"Le ministre de la Sant\u00e9, M.\u00a0Jean-Yves Duclos, soutient les professionnels de la physioth\u00e9rapie au Congr\u00e8s\u00a02023 de L\u2019Association canadienne de physioth\u00e9rapie"},"content":{"rendered":"\n<p><strong>Qu\u00e9bec, Qu\u00e9bec<\/strong> \u2014 Le ministre de la Sant\u00e9, M.&nbsp;Jean-Yves Duclos, a soulign\u00e9 jeudi la valeur de l\u2019expertise et des comp\u00e9tences des professionnels de la physioth\u00e9rapie pour le syst\u00e8me de sant\u00e9 canadien, \u00e0 l\u2019occasion du Congr\u00e8s&nbsp;2023 de l\u2019Association canadienne de physioth\u00e9rapie (ACP) \u00e0 Qu\u00e9bec.<\/p>\n\n\n\n<p>\u00ab Les professionnels de la physioth\u00e9rapie jouent un r\u00f4le essentiel dans notre syst\u00e8me de sant\u00e9. L&#8217;\u00e9ducation, la formation et l&#8217;exp\u00e9rience qu&#8217;ils acqui\u00e8rent pour fournir des soins de gestion de la douleur et de r\u00e9adaptation aident les gens \u00e0 vivre mieux et en meilleure sant\u00e9 \u00bb, a d\u00e9clar\u00e9 l&#8217;honorable Jean-Yves Duclos, ministre de la Sant\u00e9 du Canada. \u00ab Merci \u00e0 tous les professionnels de la physioth\u00e9rapie pour leur d\u00e9vouement \u00e0 fournir des soins de qualit\u00e9 et \u00e0 am\u00e9liorer les r\u00e9sultats pour la sant\u00e9 des patients, tout en renfor\u00e7ant les soins de sant\u00e9 gr\u00e2ce \u00e0 des mod\u00e8les fond\u00e9s sur des donn\u00e9es probantes. \u00bb<\/p>\n\n\n\n<p>La pr\u00e9sidente de l\u2019ACP, Allison Stene, et la chef de la direction, Krissy Bell, ainsi que des universitaires de renom, d\u2019\u00e9minents chercheurs, des cliniciens d\u2019exception et des repr\u00e9sentants des organismes de r\u00e9glementation ont rencontr\u00e9 le ministre pour discuter du r\u00f4le des professionnels de la physioth\u00e9rapie dans le r\u00e9seau de la sant\u00e9 et souligner leur importance pour la planification de la main-d\u2019\u0153uvre et modernisation en sant\u00e9.<\/p>\n\n\n\n<p>\u00ab&nbsp;La physioth\u00e9rapie est une profession multidimensionnelle qui, correctement exploit\u00e9e et optimis\u00e9e, repr\u00e9sente un grand potentiel pour le syst\u00e8me de sant\u00e9 canadien et la planification \u00e0 l\u2019\u00e9chelle f\u00e9d\u00e9rale&nbsp;\u00bb, a insist\u00e9 M<sup>me<\/sup>&nbsp;Stene, qui a surtout travaill\u00e9 dans le secteur public et s\u2019int\u00e9resse particuli\u00e8rement aux soins intensifs. \u00ab&nbsp;Nous sommes ravis d\u2019avoir pu parler avec M.&nbsp;Duclos et d\u2019avoir r\u00e9it\u00e9r\u00e9 notre engagement \u00e0 collaborer avec le gouvernement f\u00e9d\u00e9ral pour surmonter les d\u00e9fis cr\u00e9\u00e9s par la pand\u00e9mie.&nbsp;\u00bb<\/p>\n\n\n\n<p>\u00ab&nbsp;Les soins de sant\u00e9 \u00e9voluent \u00e0 la vitesse grand V, a ajout\u00e9 M<sup>me<\/sup>&nbsp;Bell. Dans ce contexte postpand\u00e9mique o\u00f9 le syst\u00e8me est \u00e0 bout de souffle, l\u2019ACP et les professionnels de la physioth\u00e9rapie connaissent la valeur de leur travail pour la sant\u00e9 \u00e9conomique et physique du pays. L\u2019ACP est d\u00e9termin\u00e9e \u00e0 soutenir ses membres et la profession pour combler les lacunes du syst\u00e8me et servir les int\u00e9r\u00eats de la population canadienne gr\u00e2ce \u00e0 des mod\u00e8les novateurs de soins fond\u00e9s sur les donn\u00e9es probantes. Nous sommes fiers de l\u2019enthousiasme de nos membres et de nos dirigeants, r\u00e9unis ici aujourd\u2019hui au nom de leurs coll\u00e8gues, et souhaitons profiter de notre tribune pour militer en faveur de la profession et nous engager \u00e0 am\u00e9liorer l\u2019acc\u00e8s \u00e0 la physioth\u00e9rapie dans tout le pays.&nbsp;\u00bb<\/p>\n\n\n\n<p>Le Congr\u00e8s annuel de l\u2019ACP rassemble des professionnels de la physioth\u00e9rapie et leur donne l\u2019occasion de prendre part \u00e0 des activit\u00e9s de groupe et \u00e9ducatives, des efforts de recherche, des ateliers, des conf\u00e9rences et des pl\u00e9ni\u00e8res, et de faire du r\u00e9seautage. L\u2019\u00e9v\u00e9nement se termine samedi.<\/p>\n\n\n\n<p><\/p>\n\n\n\n<h6 class=\"wp-block-heading\"><strong>\u00c0 propos de l\u2019ACP<\/strong><\/h6>\n\n\n\n<p><\/p>\n\n\n\n<p>L\u2019Association canadienne de physioth\u00e9rapie (ACP) repr\u00e9sente les professionnels de la physioth\u00e9rapie du Canada, dont les physioth\u00e9rapeutes certifi\u00e9s, les assistants-physioth\u00e9rapeutes, les technologues en physioth\u00e9rapie et les \u00e9tudiants. Les professionnels de la physioth\u00e9rapie fournissent des soins de r\u00e9adaptation et des traitements essentiels qui permettent aux Canadiennes et Canadiens de bien vivre et d\u2019\u00eatre actifs dans toutes les sph\u00e8res de leur vie.<\/p>\n\n\n\n<h6 class=\"wp-block-heading\"><strong>Personne-ressource<\/strong><\/h6>\n\n\n\n<p><\/p>\n\n\n\n<p>Rani Chatoorgoon<br>Directrice du marketing et du contenu<br><a href=\"mailto:rchatoorgoon@physiotherapy.ca\">rchatoorgoon@physiotherapy.ca<\/a><br><\/p>\n\n\n\n<div style=\"height:100px\" aria-hidden=\"true\" class=\"wp-block-spacer\"><\/div>\n","protected":false},"featured_media":0,"template":"","topic":[],"news_type":[217],"division":[],"class_list":["post-108559","news","type-news","status-publish","hentry","news_type-advocacy"],"acf":[],"yoast_head":"<!-- This site is optimized with the Yoast SEO plugin v24.7 - https:\/\/yoast.com\/wordpress\/plugins\/seo\/ -->\n<title>Le ministre de la Sant\u00e9, M.\u00a0Jean-Yves Duclos, soutient les professionnels de la physioth\u00e9rapie au Congr\u00e8s\u00a02023 de L\u2019Association canadienne de physioth\u00e9rapie - Canadian Physiotherapy Association<\/title>\n<meta name=\"robots\" content=\"index, follow, max-snippet:-1, max-image-preview:large, max-video-preview:-1\" \/>\n<link rel=\"canonical\" href=\"https:\/\/physiotherapy.ca\/fr\/news\/le-ministre-de-la-sante-m-jean-yves-duclos-soutient-les-professionnels-de-la-physiotherapie-au-congres-2023-de-lassociation-canadienne-de-physiotherapie\/\" \/>\n<meta property=\"og:locale\" content=\"fr_FR\" \/>\n<meta property=\"og:type\" content=\"article\" \/>\n<meta property=\"og:title\" content=\"Le ministre de la Sant\u00e9, M.\u00a0Jean-Yves Duclos, soutient les professionnels de la physioth\u00e9rapie au Congr\u00e8s\u00a02023 de L\u2019Association canadienne de physioth\u00e9rapie - Canadian Physiotherapy Association\" \/>\n<meta property=\"og:description\" content=\"Qu\u00e9bec, Qu\u00e9bec \u2014 Le ministre de la Sant\u00e9, M.&nbsp;Jean-Yves Duclos, a soulign\u00e9 jeudi la valeur de l\u2019expertise et des comp\u00e9tences des professionnels de la physioth\u00e9rapie pour le syst\u00e8me de sant\u00e9 canadien, \u00e0 l\u2019occasion du Congr\u00e8s&nbsp;2023 de l\u2019Association canadienne de physioth\u00e9rapie [&hellip;]\" \/>\n<meta property=\"og:url\" content=\"https:\/\/physiotherapy.ca\/fr\/news\/le-ministre-de-la-sante-m-jean-yves-duclos-soutient-les-professionnels-de-la-physiotherapie-au-congres-2023-de-lassociation-canadienne-de-physiotherapie\/\" \/>\n<meta property=\"og:site_name\" content=\"Canadian Physiotherapy Association\" \/>\n<meta property=\"article:modified_time\" content=\"2023-07-13T17:50:54+00:00\" \/>\n<meta name=\"twitter:card\" content=\"summary_large_image\" \/>\n<meta name=\"twitter:label1\" content=\"Est. reading time\" \/>\n\t<meta name=\"twitter:data1\" content=\"3 minutes\" \/>\n<script type=\"application\/ld+json\" class=\"yoast-schema-graph\">{\"@context\":\"https:\/\/schema.org\",\"@graph\":[{\"@type\":\"WebPage\",\"@id\":\"https:\/\/physiotherapy.ca\/fr\/news\/le-ministre-de-la-sante-m-jean-yves-duclos-soutient-les-professionnels-de-la-physiotherapie-au-congres-2023-de-lassociation-canadienne-de-physiotherapie\/\",\"url\":\"https:\/\/physiotherapy.ca\/fr\/news\/le-ministre-de-la-sante-m-jean-yves-duclos-soutient-les-professionnels-de-la-physiotherapie-au-congres-2023-de-lassociation-canadienne-de-physiotherapie\/\",\"name\":\"Le ministre de la Sant\u00e9, M.\u00a0Jean-Yves Duclos, soutient les professionnels de la physioth\u00e9rapie au Congr\u00e8s\u00a02023 de L\u2019Association canadienne de physioth\u00e9rapie - Canadian Physiotherapy Association\",\"isPartOf\":{\"@id\":\"https:\/\/physiotherapy.ca\/#website\"},\"datePublished\":\"2023-07-13T13:30:00+00:00\",\"dateModified\":\"2023-07-13T17:50:54+00:00\",\"breadcrumb\":{\"@id\":\"https:\/\/physiotherapy.ca\/fr\/news\/le-ministre-de-la-sante-m-jean-yves-duclos-soutient-les-professionnels-de-la-physiotherapie-au-congres-2023-de-lassociation-canadienne-de-physiotherapie\/#breadcrumb\"},\"inLanguage\":\"fr-FR\",\"potentialAction\":[{\"@type\":\"ReadAction\",\"target\":[\"https:\/\/physiotherapy.ca\/fr\/news\/le-ministre-de-la-sante-m-jean-yves-duclos-soutient-les-professionnels-de-la-physiotherapie-au-congres-2023-de-lassociation-canadienne-de-physiotherapie\/\"]}]},{\"@type\":\"BreadcrumbList\",\"@id\":\"https:\/\/physiotherapy.ca\/fr\/news\/le-ministre-de-la-sante-m-jean-yves-duclos-soutient-les-professionnels-de-la-physiotherapie-au-congres-2023-de-lassociation-canadienne-de-physiotherapie\/#breadcrumb\",\"itemListElement\":[{\"@type\":\"ListItem\",\"position\":1,\"name\":\"Home\",\"item\":\"https:\/\/physiotherapy.ca\/fr\/\"},{\"@type\":\"ListItem\",\"position\":2,\"name\":\"Le ministre de la Sant\u00e9, M.\u00a0Jean-Yves Duclos, soutient les professionnels de la physioth\u00e9rapie au Congr\u00e8s\u00a02023 de L\u2019Association canadienne de physioth\u00e9rapie\"}]},{\"@type\":\"WebSite\",\"@id\":\"https:\/\/physiotherapy.ca\/#website\",\"url\":\"https:\/\/physiotherapy.ca\/\",\"name\":\"Canadian Physiotherapy Association\",\"description\":\"The Canadian Physiotherapy Association (CPA) represents over 16,000 physiotherapy professionals and students across Canada.\",\"potentialAction\":[{\"@type\":\"SearchAction\",\"target\":{\"@type\":\"EntryPoint\",\"urlTemplate\":\"https:\/\/physiotherapy.ca\/?s={search_term_string}\"},\"query-input\":{\"@type\":\"PropertyValueSpecification\",\"valueRequired\":true,\"valueName\":\"search_term_string\"}}],\"inLanguage\":\"fr-FR\"}]}<\/script>\n<!-- \/ Yoast SEO plugin. -->","yoast_head_json":{"title":"Le ministre de la Sant\u00e9, M.\u00a0Jean-Yves Duclos, soutient les professionnels de la physioth\u00e9rapie au Congr\u00e8s\u00a02023 de L\u2019Association canadienne de physioth\u00e9rapie - Canadian Physiotherapy Association","robots":{"index":"index","follow":"follow","max-snippet":"max-snippet:-1","max-image-preview":"max-image-preview:large","max-video-preview":"max-video-preview:-1"},"canonical":"https:\/\/physiotherapy.ca\/fr\/news\/le-ministre-de-la-sante-m-jean-yves-duclos-soutient-les-professionnels-de-la-physiotherapie-au-congres-2023-de-lassociation-canadienne-de-physiotherapie\/","og_locale":"fr_FR","og_type":"article","og_title":"Le ministre de la Sant\u00e9, M.\u00a0Jean-Yves Duclos, soutient les professionnels de la physioth\u00e9rapie au Congr\u00e8s\u00a02023 de L\u2019Association canadienne de physioth\u00e9rapie - Canadian Physiotherapy Association","og_description":"Qu\u00e9bec, Qu\u00e9bec \u2014 Le ministre de la Sant\u00e9, M.&nbsp;Jean-Yves Duclos, a soulign\u00e9 jeudi la valeur de l\u2019expertise et des comp\u00e9tences des professionnels de la physioth\u00e9rapie pour le syst\u00e8me de sant\u00e9 canadien, \u00e0 l\u2019occasion du Congr\u00e8s&nbsp;2023 de l\u2019Association canadienne de physioth\u00e9rapie [&hellip;]","og_url":"https:\/\/physiotherapy.ca\/fr\/news\/le-ministre-de-la-sante-m-jean-yves-duclos-soutient-les-professionnels-de-la-physiotherapie-au-congres-2023-de-lassociation-canadienne-de-physiotherapie\/","og_site_name":"Canadian Physiotherapy Association","article_modified_time":"2023-07-13T17:50:54+00:00","twitter_card":"summary_large_image","twitter_misc":{"Est. reading time":"3 minutes"},"schema":{"@context":"https:\/\/schema.org","@graph":[{"@type":"WebPage","@id":"https:\/\/physiotherapy.ca\/fr\/news\/le-ministre-de-la-sante-m-jean-yves-duclos-soutient-les-professionnels-de-la-physiotherapie-au-congres-2023-de-lassociation-canadienne-de-physiotherapie\/","url":"https:\/\/physiotherapy.ca\/fr\/news\/le-ministre-de-la-sante-m-jean-yves-duclos-soutient-les-professionnels-de-la-physiotherapie-au-congres-2023-de-lassociation-canadienne-de-physiotherapie\/","name":"Le ministre de la Sant\u00e9, M.\u00a0Jean-Yves Duclos, soutient les professionnels de la physioth\u00e9rapie au Congr\u00e8s\u00a02023 de L\u2019Association canadienne de physioth\u00e9rapie - Canadian Physiotherapy Association","isPartOf":{"@id":"https:\/\/physiotherapy.ca\/#website"},"datePublished":"2023-07-13T13:30:00+00:00","dateModified":"2023-07-13T17:50:54+00:00","breadcrumb":{"@id":"https:\/\/physiotherapy.ca\/fr\/news\/le-ministre-de-la-sante-m-jean-yves-duclos-soutient-les-professionnels-de-la-physiotherapie-au-congres-2023-de-lassociation-canadienne-de-physiotherapie\/#breadcrumb"},"inLanguage":"fr-FR","potentialAction":[{"@type":"ReadAction","target":["https:\/\/physiotherapy.ca\/fr\/news\/le-ministre-de-la-sante-m-jean-yves-duclos-soutient-les-professionnels-de-la-physiotherapie-au-congres-2023-de-lassociation-canadienne-de-physiotherapie\/"]}]},{"@type":"BreadcrumbList","@id":"https:\/\/physiotherapy.ca\/fr\/news\/le-ministre-de-la-sante-m-jean-yves-duclos-soutient-les-professionnels-de-la-physiotherapie-au-congres-2023-de-lassociation-canadienne-de-physiotherapie\/#breadcrumb","itemListElement":[{"@type":"ListItem","position":1,"name":"Home","item":"https:\/\/physiotherapy.ca\/fr\/"},{"@type":"ListItem","position":2,"name":"Le ministre de la Sant\u00e9, M.\u00a0Jean-Yves Duclos, soutient les professionnels de la physioth\u00e9rapie au Congr\u00e8s\u00a02023 de L\u2019Association canadienne de physioth\u00e9rapie"}]},{"@type":"WebSite","@id":"https:\/\/physiotherapy.ca\/#website","url":"https:\/\/physiotherapy.ca\/","name":"Canadian Physiotherapy Association","description":"The Canadian Physiotherapy Association (CPA) represents over 16,000 physiotherapy professionals and students across Canada.","potentialAction":[{"@type":"SearchAction","target":{"@type":"EntryPoint","urlTemplate":"https:\/\/physiotherapy.ca\/?s={search_term_string}"},"query-input":{"@type":"PropertyValueSpecification","valueRequired":true,"valueName":"search_term_string"}}],"inLanguage":"fr-FR"}]}},"_links":{"self":[{"href":"https:\/\/physiotherapy.ca\/fr\/wp-json\/wp\/v2\/news\/108559","targetHints":{"allow":["GET"]}}],"collection":[{"href":"https:\/\/physiotherapy.ca\/fr\/wp-json\/wp\/v2\/news"}],"about":[{"href":"https:\/\/physiotherapy.ca\/fr\/wp-json\/wp\/v2\/types\/news"}],"wp:attachment":[{"href":"https:\/\/physiotherapy.ca\/fr\/wp-json\/wp\/v2\/media?parent=108559"}],"wp:term":[{"taxonomy":"topic","embeddable":true,"href":"https:\/\/physiotherapy.ca\/fr\/wp-json\/wp\/v2\/topic?post=108559"},{"taxonomy":"news_type","embeddable":true,"href":"https:\/\/physiotherapy.ca\/fr\/wp-json\/wp\/v2\/news_type?post=108559"},{"taxonomy":"division","embeddable":true,"href":"https:\/\/physiotherapy.ca\/fr\/wp-json\/wp\/v2\/division?post=108559"}],"curies":[{"name":"wp","href":"https:\/\/api.w.org\/{rel}","templated":true}]}}