{"id":266333,"date":"2025-05-01T11:54:22","date_gmt":"2025-05-01T15:54:22","guid":{"rendered":"https:\/\/physiotherapy.ca\/?post_type=news&#038;p=266333"},"modified":"2025-05-01T12:17:14","modified_gmt":"2025-05-01T16:17:14","slug":"lassociation-canadienne-de-physiotherapie-lance-le-mois-national-de-la-physiotherapie-2025","status":"publish","type":"news","link":"https:\/\/physiotherapy.ca\/fr\/news\/lassociation-canadienne-de-physiotherapie-lance-le-mois-national-de-la-physiotherapie-2025\/","title":{"rendered":"L&#8217;Association canadienne de physioth\u00e9rapie lance le Mois national de la physioth\u00e9rapie 2025"},"content":{"rendered":"\n<p>Aujourd&#8217;hui, l&#8217;Association canadienne de physioth\u00e9rapie (ACP) lance les c\u00e9l\u00e9brations du <a href=\"https:\/\/physiotherapy.ca\/fr\/mois-national-de-la-physiotherapie-2025\/\" target=\"_blank\" rel=\"noreferrer noopener\">Mois national de la physioth\u00e9rapie<\/a>, qui r\u00e9unira des professionnels de la physioth\u00e9rapie de tout le Canada pour reconna\u00eetre le travail novateur accompli au sein de la profession, s&#8217;entraider et sensibiliser au r\u00f4le essentiel que joue la physioth\u00e9rapie dans l&#8217;am\u00e9lioration de l&#8217;\u00e9tat de sant\u00e9 des Canadiens.<\/p>\n\n\n\n<p>Le th\u00e8me de cette ann\u00e9e, <strong>La physioth\u00e9rapie fait bouger les communaut\u00e9s<\/strong>, souligne l&#8217;impact profond des professionnels de la physioth\u00e9rapie sur la sant\u00e9 et le bien-\u00eatre des individus et des communaut\u00e9s \u00e0 travers le pays. L&#8217;ACP reconna\u00eet la contribution unique et essentielle des professionnels de la physioth\u00e9rapie \u00e0 la prestation de soins efficients et efficaces \u00e0 tous les Canadiens.<\/p>\n\n\n\n<p>Tout au long du mois de mai, l\u2019ACP mettra en \u00e9vidence le Mois national de la physioth\u00e9rapie en partageant les t\u00e9moignages inspirants de professionnels de la physioth\u00e9rapie, ainsi que des r\u00e9alisations remarquables \u00e0 l\u2019occasion de <strong>la<\/strong> <strong>Journ\u00e9e des assistants-physioth\u00e9rapeutes<\/strong> (le 13 mai 2025), <strong>la Journ\u00e9e des technologues en physioth\u00e9rapie \/ T. Phys<\/strong> (Date \u00e0 confirmer) et <strong>la Journ\u00e9e des b\u00e9n\u00e9voles<\/strong> (le 21 mai 2025). <\/p>\n\n\n\n<p>Nous avons \u00e9galement cr\u00e9\u00e9 une <a href=\"https:\/\/physiotherapy.ca\/fr\/mois-national-de-la-physiotherapie-2025\/\">trousse d\u2019outils \u00e0 t\u00e9l\u00e9charger<\/a> contenant des ressources \u00e0 partager pour c\u00e9l\u00e9brer les professionnels de la physioth\u00e9rapie exceptionnels directement dans votre communaut\u00e9.<\/p>\n\n\n\n<p>N&#8217;oubliez pas de nous <strong><a href=\"https:\/\/linktr.ee\/canadianphysiotherapy\">suivre sur les r\u00e9s<\/a><a href=\"https:\/\/linktr.ee\/canadianphysiotherapy\" target=\"_blank\" rel=\"noreferrer noopener\">e<\/a><a href=\"https:\/\/linktr.ee\/canadianphysiotherapy\">aux sociaux<\/a><\/strong>, <strong>d\u2019utiliser le mot-clic #MNP2025<\/strong> dans les conversations en ligne, <strong>et de mentionner l\u2019ACP<\/strong> lorsque vous partagez la trousse d\u2019outils et les ressources!<\/p>\n\n\n\n<p><\/p>\n\n\n\n<p><em>Merci \u00e0 notre partenaire pour MNP 2025 &#8212; <a href=\"https:\/\/www.cpa.bmsgroup.com\/fr\/accueil.html\" target=\"_blank\" rel=\"noreferrer noopener\">BMS Canada<\/a><\/em><\/p>\n\n\n\n<p><strong>A PROPOS DE L&#8217;ACP<\/strong><\/p>\n\n\n\n<p>L&#8217;Association canadienne de physioth\u00e9rapie (ACP) repr\u00e9sente les professionnels de la physioth\u00e9rapie, y compris les physioth\u00e9rapeutes agr\u00e9\u00e9s, les assistants physioth\u00e9rapeutes, les technologues en physioth\u00e9rapie et les \u00e9tudiants de tout le Canada. Les professionnels de la physioth\u00e9rapie fournissent des soins et des traitements de r\u00e9adaptation essentiels, permettant aux Canadiens de bien vivre et de participer activement \u00e0 toutes les facettes de leur vie.<\/p>\n\n\n\n<p><strong>CONTACT<\/strong>&nbsp;<\/p>\n\n\n\n<p>Caitlin Drake Smith&nbsp;<br>Chief Marketing &amp; Communications Officer&nbsp;<br><a href=\"mailto:cdrakesmith@physiotherapy.ca\">cdrakesmith@physiotherapy.ca<\/a>&nbsp;<\/p>\n\n\n\n<div style=\"height:100px\" aria-hidden=\"true\" class=\"wp-block-spacer\"><\/div>\n","protected":false},"featured_media":266334,"template":"","topic":[],"news_type":[224],"division":[],"class_list":["post-266333","news","type-news","status-publish","has-post-thumbnail","hentry","news_type-advocacy-fr"],"acf":[],"yoast_head":"<!-- This site is optimized with the Yoast SEO plugin v24.7 - https:\/\/yoast.com\/wordpress\/plugins\/seo\/ -->\n<title>L&#039;Association canadienne de physioth\u00e9rapie lance le Mois national de la physioth\u00e9rapie 2025 - Canadian Physiotherapy Association<\/title>\n<meta name=\"robots\" content=\"index, follow, max-snippet:-1, max-image-preview:large, max-video-preview:-1\" \/>\n<link rel=\"canonical\" href=\"https:\/\/physiotherapy.ca\/fr\/news\/lassociation-canadienne-de-physiotherapie-lance-le-mois-national-de-la-physiotherapie-2025\/\" \/>\n<meta property=\"og:locale\" content=\"fr_FR\" \/>\n<meta property=\"og:type\" content=\"article\" \/>\n<meta property=\"og:title\" content=\"L&#039;Association canadienne de physioth\u00e9rapie lance le Mois national de la physioth\u00e9rapie 2025 - Canadian Physiotherapy Association\" \/>\n<meta property=\"og:description\" content=\"Aujourd&#8217;hui, l&#8217;Association canadienne de physioth\u00e9rapie (ACP) lance les c\u00e9l\u00e9brations du Mois national de la physioth\u00e9rapie, qui r\u00e9unira des professionnels de la physioth\u00e9rapie de tout le Canada pour reconna\u00eetre le travail novateur accompli au sein de la profession, s&#8217;entraider et sensibiliser [&hellip;]\" \/>\n<meta property=\"og:url\" content=\"https:\/\/physiotherapy.ca\/fr\/news\/lassociation-canadienne-de-physiotherapie-lance-le-mois-national-de-la-physiotherapie-2025\/\" \/>\n<meta property=\"og:site_name\" content=\"Canadian Physiotherapy Association\" \/>\n<meta property=\"article:modified_time\" content=\"2025-05-01T16:17:14+00:00\" \/>\n<meta property=\"og:image\" content=\"https:\/\/physiotherapy.ca\/app\/uploads\/2025\/04\/NPM-SOCIAL-LINKEDIN-FR-VERSION-1.jpg\" \/>\n\t<meta property=\"og:image:width\" content=\"1200\" \/>\n\t<meta property=\"og:image:height\" content=\"627\" \/>\n\t<meta property=\"og:image:type\" content=\"image\/jpeg\" \/>\n<meta name=\"twitter:card\" content=\"summary_large_image\" \/>\n<meta name=\"twitter:label1\" content=\"Est. reading time\" \/>\n\t<meta name=\"twitter:data1\" content=\"2 minutes\" \/>\n<script type=\"application\/ld+json\" class=\"yoast-schema-graph\">{\"@context\":\"https:\/\/schema.org\",\"@graph\":[{\"@type\":\"WebPage\",\"@id\":\"https:\/\/physiotherapy.ca\/fr\/news\/lassociation-canadienne-de-physiotherapie-lance-le-mois-national-de-la-physiotherapie-2025\/\",\"url\":\"https:\/\/physiotherapy.ca\/fr\/news\/lassociation-canadienne-de-physiotherapie-lance-le-mois-national-de-la-physiotherapie-2025\/\",\"name\":\"L'Association canadienne de physioth\u00e9rapie lance le Mois national de la physioth\u00e9rapie 2025 - Canadian Physiotherapy Association\",\"isPartOf\":{\"@id\":\"https:\/\/physiotherapy.ca\/#website\"},\"primaryImageOfPage\":{\"@id\":\"https:\/\/physiotherapy.ca\/fr\/news\/lassociation-canadienne-de-physiotherapie-lance-le-mois-national-de-la-physiotherapie-2025\/#primaryimage\"},\"image\":{\"@id\":\"https:\/\/physiotherapy.ca\/fr\/news\/lassociation-canadienne-de-physiotherapie-lance-le-mois-national-de-la-physiotherapie-2025\/#primaryimage\"},\"thumbnailUrl\":\"https:\/\/physiotherapy.ca\/app\/uploads\/2025\/04\/NPM-SOCIAL-LINKEDIN-FR-VERSION-1.jpg\",\"datePublished\":\"2025-05-01T15:54:22+00:00\",\"dateModified\":\"2025-05-01T16:17:14+00:00\",\"breadcrumb\":{\"@id\":\"https:\/\/physiotherapy.ca\/fr\/news\/lassociation-canadienne-de-physiotherapie-lance-le-mois-national-de-la-physiotherapie-2025\/#breadcrumb\"},\"inLanguage\":\"fr-FR\",\"potentialAction\":[{\"@type\":\"ReadAction\",\"target\":[\"https:\/\/physiotherapy.ca\/fr\/news\/lassociation-canadienne-de-physiotherapie-lance-le-mois-national-de-la-physiotherapie-2025\/\"]}]},{\"@type\":\"ImageObject\",\"inLanguage\":\"fr-FR\",\"@id\":\"https:\/\/physiotherapy.ca\/fr\/news\/lassociation-canadienne-de-physiotherapie-lance-le-mois-national-de-la-physiotherapie-2025\/#primaryimage\",\"url\":\"https:\/\/physiotherapy.ca\/app\/uploads\/2025\/04\/NPM-SOCIAL-LINKEDIN-FR-VERSION-1.jpg\",\"contentUrl\":\"https:\/\/physiotherapy.ca\/app\/uploads\/2025\/04\/NPM-SOCIAL-LINKEDIN-FR-VERSION-1.jpg\",\"width\":1200,\"height\":627},{\"@type\":\"BreadcrumbList\",\"@id\":\"https:\/\/physiotherapy.ca\/fr\/news\/lassociation-canadienne-de-physiotherapie-lance-le-mois-national-de-la-physiotherapie-2025\/#breadcrumb\",\"itemListElement\":[{\"@type\":\"ListItem\",\"position\":1,\"name\":\"Home\",\"item\":\"https:\/\/physiotherapy.ca\/fr\/\"},{\"@type\":\"ListItem\",\"position\":2,\"name\":\"L&#8217;Association canadienne de physioth\u00e9rapie lance le Mois national de la physioth\u00e9rapie 2025\"}]},{\"@type\":\"WebSite\",\"@id\":\"https:\/\/physiotherapy.ca\/#website\",\"url\":\"https:\/\/physiotherapy.ca\/\",\"name\":\"Canadian Physiotherapy Association\",\"description\":\"The Canadian Physiotherapy Association (CPA) represents over 16,000 physiotherapy professionals and students across Canada.\",\"potentialAction\":[{\"@type\":\"SearchAction\",\"target\":{\"@type\":\"EntryPoint\",\"urlTemplate\":\"https:\/\/physiotherapy.ca\/?s={search_term_string}\"},\"query-input\":{\"@type\":\"PropertyValueSpecification\",\"valueRequired\":true,\"valueName\":\"search_term_string\"}}],\"inLanguage\":\"fr-FR\"}]}<\/script>\n<!-- \/ Yoast SEO plugin. -->","yoast_head_json":{"title":"L'Association canadienne de physioth\u00e9rapie lance le Mois national de la physioth\u00e9rapie 2025 - Canadian Physiotherapy Association","robots":{"index":"index","follow":"follow","max-snippet":"max-snippet:-1","max-image-preview":"max-image-preview:large","max-video-preview":"max-video-preview:-1"},"canonical":"https:\/\/physiotherapy.ca\/fr\/news\/lassociation-canadienne-de-physiotherapie-lance-le-mois-national-de-la-physiotherapie-2025\/","og_locale":"fr_FR","og_type":"article","og_title":"L'Association canadienne de physioth\u00e9rapie lance le Mois national de la physioth\u00e9rapie 2025 - Canadian Physiotherapy Association","og_description":"Aujourd&#8217;hui, l&#8217;Association canadienne de physioth\u00e9rapie (ACP) lance les c\u00e9l\u00e9brations du Mois national de la physioth\u00e9rapie, qui r\u00e9unira des professionnels de la physioth\u00e9rapie de tout le Canada pour reconna\u00eetre le travail novateur accompli au sein de la profession, s&#8217;entraider et sensibiliser [&hellip;]","og_url":"https:\/\/physiotherapy.ca\/fr\/news\/lassociation-canadienne-de-physiotherapie-lance-le-mois-national-de-la-physiotherapie-2025\/","og_site_name":"Canadian Physiotherapy Association","article_modified_time":"2025-05-01T16:17:14+00:00","og_image":[{"width":1200,"height":627,"url":"https:\/\/physiotherapy.ca\/app\/uploads\/2025\/04\/NPM-SOCIAL-LINKEDIN-FR-VERSION-1.jpg","type":"image\/jpeg"}],"twitter_card":"summary_large_image","twitter_misc":{"Est. reading time":"2 minutes"},"schema":{"@context":"https:\/\/schema.org","@graph":[{"@type":"WebPage","@id":"https:\/\/physiotherapy.ca\/fr\/news\/lassociation-canadienne-de-physiotherapie-lance-le-mois-national-de-la-physiotherapie-2025\/","url":"https:\/\/physiotherapy.ca\/fr\/news\/lassociation-canadienne-de-physiotherapie-lance-le-mois-national-de-la-physiotherapie-2025\/","name":"L'Association canadienne de physioth\u00e9rapie lance le Mois national de la physioth\u00e9rapie 2025 - Canadian Physiotherapy Association","isPartOf":{"@id":"https:\/\/physiotherapy.ca\/#website"},"primaryImageOfPage":{"@id":"https:\/\/physiotherapy.ca\/fr\/news\/lassociation-canadienne-de-physiotherapie-lance-le-mois-national-de-la-physiotherapie-2025\/#primaryimage"},"image":{"@id":"https:\/\/physiotherapy.ca\/fr\/news\/lassociation-canadienne-de-physiotherapie-lance-le-mois-national-de-la-physiotherapie-2025\/#primaryimage"},"thumbnailUrl":"https:\/\/physiotherapy.ca\/app\/uploads\/2025\/04\/NPM-SOCIAL-LINKEDIN-FR-VERSION-1.jpg","datePublished":"2025-05-01T15:54:22+00:00","dateModified":"2025-05-01T16:17:14+00:00","breadcrumb":{"@id":"https:\/\/physiotherapy.ca\/fr\/news\/lassociation-canadienne-de-physiotherapie-lance-le-mois-national-de-la-physiotherapie-2025\/#breadcrumb"},"inLanguage":"fr-FR","potentialAction":[{"@type":"ReadAction","target":["https:\/\/physiotherapy.ca\/fr\/news\/lassociation-canadienne-de-physiotherapie-lance-le-mois-national-de-la-physiotherapie-2025\/"]}]},{"@type":"ImageObject","inLanguage":"fr-FR","@id":"https:\/\/physiotherapy.ca\/fr\/news\/lassociation-canadienne-de-physiotherapie-lance-le-mois-national-de-la-physiotherapie-2025\/#primaryimage","url":"https:\/\/physiotherapy.ca\/app\/uploads\/2025\/04\/NPM-SOCIAL-LINKEDIN-FR-VERSION-1.jpg","contentUrl":"https:\/\/physiotherapy.ca\/app\/uploads\/2025\/04\/NPM-SOCIAL-LINKEDIN-FR-VERSION-1.jpg","width":1200,"height":627},{"@type":"BreadcrumbList","@id":"https:\/\/physiotherapy.ca\/fr\/news\/lassociation-canadienne-de-physiotherapie-lance-le-mois-national-de-la-physiotherapie-2025\/#breadcrumb","itemListElement":[{"@type":"ListItem","position":1,"name":"Home","item":"https:\/\/physiotherapy.ca\/fr\/"},{"@type":"ListItem","position":2,"name":"L&#8217;Association canadienne de physioth\u00e9rapie lance le Mois national de la physioth\u00e9rapie 2025"}]},{"@type":"WebSite","@id":"https:\/\/physiotherapy.ca\/#website","url":"https:\/\/physiotherapy.ca\/","name":"Canadian Physiotherapy Association","description":"The Canadian Physiotherapy Association (CPA) represents over 16,000 physiotherapy professionals and students across Canada.","potentialAction":[{"@type":"SearchAction","target":{"@type":"EntryPoint","urlTemplate":"https:\/\/physiotherapy.ca\/?s={search_term_string}"},"query-input":{"@type":"PropertyValueSpecification","valueRequired":true,"valueName":"search_term_string"}}],"inLanguage":"fr-FR"}]}},"_links":{"self":[{"href":"https:\/\/physiotherapy.ca\/fr\/wp-json\/wp\/v2\/news\/266333","targetHints":{"allow":["GET"]}}],"collection":[{"href":"https:\/\/physiotherapy.ca\/fr\/wp-json\/wp\/v2\/news"}],"about":[{"href":"https:\/\/physiotherapy.ca\/fr\/wp-json\/wp\/v2\/types\/news"}],"wp:featuredmedia":[{"embeddable":true,"href":"https:\/\/physiotherapy.ca\/fr\/wp-json\/wp\/v2\/media\/266334"}],"wp:attachment":[{"href":"https:\/\/physiotherapy.ca\/fr\/wp-json\/wp\/v2\/media?parent=266333"}],"wp:term":[{"taxonomy":"topic","embeddable":true,"href":"https:\/\/physiotherapy.ca\/fr\/wp-json\/wp\/v2\/topic?post=266333"},{"taxonomy":"news_type","embeddable":true,"href":"https:\/\/physiotherapy.ca\/fr\/wp-json\/wp\/v2\/news_type?post=266333"},{"taxonomy":"division","embeddable":true,"href":"https:\/\/physiotherapy.ca\/fr\/wp-json\/wp\/v2\/division?post=266333"}],"curies":[{"name":"wp","href":"https:\/\/api.w.org\/{rel}","templated":true}]}}